{"id":2862,"date":"2020-02-12T10:07:45","date_gmt":"2020-02-12T09:07:45","guid":{"rendered":"https:\/\/www.blasorchester-kreuztal.de\/?p=2862"},"modified":"2022-04-03T12:15:18","modified_gmt":"2022-04-03T10:15:18","slug":"fruehjahrskonzert-am-3-mai-2020","status":"publish","type":"post","link":"https:\/\/www.blasorchester-kreuztal.de\/?p=2862","title":{"rendered":"Fr\u00fchjahrskonzert am 3. Mai 2020 (Abgesagt)"},"content":{"rendered":"\n<div class=\"wp-block-media-text alignwide has-media-on-the-right is-stacked-on-mobile is-vertically-aligned-center is-image-fill\"><figure class=\"wp-block-media-text__media\" style=\"background-image:url(https:\/\/www.blasorchester-kreuztal.de\/wp-content\/uploads\/2020\/01\/DSC_D0915R20i5-e1580074578698-1024x1024.jpg);background-position:42.35294117647059% 4.7941140567555145%\"><img loading=\"lazy\" decoding=\"async\" width=\"1024\" height=\"1024\" src=\"https:\/\/www.blasorchester-kreuztal.de\/wp-content\/uploads\/2020\/01\/DSC_D0915R20i5-e1580074578698-1024x1024.jpg\" alt=\"\" class=\"wp-image-2866\" srcset=\"https:\/\/www.blasorchester-kreuztal.de\/wp-content\/uploads\/2020\/01\/DSC_D0915R20i5-e1580074578698-1024x1024.jpg 1024w, https:\/\/www.blasorchester-kreuztal.de\/wp-content\/uploads\/2020\/01\/DSC_D0915R20i5-e1580074578698-500x500.jpg 500w, https:\/\/www.blasorchester-kreuztal.de\/wp-content\/uploads\/2020\/01\/DSC_D0915R20i5-e1580074578698-150x150.jpg 150w, https:\/\/www.blasorchester-kreuztal.de\/wp-content\/uploads\/2020\/01\/DSC_D0915R20i5-e1580074578698-768x768.jpg 768w, https:\/\/www.blasorchester-kreuztal.de\/wp-content\/uploads\/2020\/01\/DSC_D0915R20i5-e1580074578698.jpg 1536w\" sizes=\"auto, (max-width: 1024px) 100vw, 1024px\" \/><\/figure><div class=\"wp-block-media-text__content\">\n<h4 class=\"has-text-align-right wp-block-heading\"><em><strong>Sonntag 3. Mai 2020<\/strong><br>Beginn 17 Uhr<br>ev. Kirche Buschh\u00fctten<\/em><\/h4>\n<\/div><\/div>\n\n\n\n<figure class=\"wp-block-pullquote\"><blockquote><p>Veranstaltung f\u00e4llt aus!<\/p><\/blockquote><\/figure>\n\n\n\n<p><em>Bei diesem Fr\u00fchjahrskonzert des Blasorchesters Stadt Kreuztal e.V. dreht sich alles um die Klarinette und ihre Wandelbarkeit. <\/em><\/p>\n\n\n\n<p><em>Im Fokus des Konzertes stehen dabei die Kompositionen \u201eThoughts of Yaron\u201c von Tobias Sch\u00fctte f\u00fcr Bassklarinette, Klarinette und Blasorchester sowie das \u201eKonzertst\u00fcck Nr. 2\u201c von Felix Mendelssohn Bartholdy f\u00fcr Bassetthorn, Klarinette und Blasorchester. Dar\u00fcber hinaus wartet das Orchester u.a. mit Wolfgang Amadeus Mozarts \u201eHochzeit des Figaro\u201c und dem Finale aus \u201eWilhelm Tell\u201c von Gioachino Rossini auf, die den Klarinetten, wie dem Orchester einiges an Technik und Fingerfertigkeit abverlangen werden. <\/em><\/p>\n\n\n\n<hr class=\"wp-block-separator is-style-wide\"\/>\n","protected":false},"excerpt":{"rendered":"<p>Sonntag 3. Mai 2020Beginn 17 Uhrev. Kirche Buschh\u00fctten Veranstaltung f\u00e4llt aus! Bei diesem Fr\u00fchjahrskonzert des Blasorchesters Stadt Kreuztal e.V. dreht sich alles um die Klarinette und ihre Wandelbarkeit. Im Fokus des Konzertes stehen dabei die Kompositionen \u201eThoughts of Yaron\u201c von Tobias Sch\u00fctte f\u00fcr Bassklarinette, Klarinette und Blasorchester sowie das \u201eKonzertst\u00fcck Nr. 2\u201c von Felix Mendelssohn [&hellip;]<\/p>\n","protected":false},"author":5,"featured_media":0,"comment_status":"closed","ping_status":"closed","sticky":false,"template":"","format":"standard","meta":{"ngg_post_thumbnail":0,"h5ap_radio_sources":[],"footnotes":""},"categories":[4],"tags":[9],"class_list":["post-2862","post","type-post","status-publish","format-standard","hentry","category-auftritt","tag-konzert"],"_links":{"self":[{"href":"https:\/\/www.blasorchester-kreuztal.de\/index.php?rest_route=\/wp\/v2\/posts\/2862","targetHints":{"allow":["GET"]}}],"collection":[{"href":"https:\/\/www.blasorchester-kreuztal.de\/index.php?rest_route=\/wp\/v2\/posts"}],"about":[{"href":"https:\/\/www.blasorchester-kreuztal.de\/index.php?rest_route=\/wp\/v2\/types\/post"}],"author":[{"embeddable":true,"href":"https:\/\/www.blasorchester-kreuztal.de\/index.php?rest_route=\/wp\/v2\/users\/5"}],"replies":[{"embeddable":true,"href":"https:\/\/www.blasorchester-kreuztal.de\/index.php?rest_route=%2Fwp%2Fv2%2Fcomments&post=2862"}],"version-history":[{"count":40,"href":"https:\/\/www.blasorchester-kreuztal.de\/index.php?rest_route=\/wp\/v2\/posts\/2862\/revisions"}],"predecessor-version":[{"id":3034,"href":"https:\/\/www.blasorchester-kreuztal.de\/index.php?rest_route=\/wp\/v2\/posts\/2862\/revisions\/3034"}],"wp:attachment":[{"href":"https:\/\/www.blasorchester-kreuztal.de\/index.php?rest_route=%2Fwp%2Fv2%2Fmedia&parent=2862"}],"wp:term":[{"taxonomy":"category","embeddable":true,"href":"https:\/\/www.blasorchester-kreuztal.de\/index.php?rest_route=%2Fwp%2Fv2%2Fcategories&post=2862"},{"taxonomy":"post_tag","embeddable":true,"href":"https:\/\/www.blasorchester-kreuztal.de\/index.php?rest_route=%2Fwp%2Fv2%2Ftags&post=2862"}],"curies":[{"name":"wp","href":"https:\/\/api.w.org\/{rel}","templated":true}]}}