{"id":4775,"date":"2024-10-08T20:57:21","date_gmt":"2024-10-08T18:57:21","guid":{"rendered":"https:\/\/www.blasorchester-kreuztal.de\/?p=4775"},"modified":"2026-01-05T13:53:57","modified_gmt":"2026-01-05T12:53:57","slug":"herbstkonzert-am-17-11-17-uhr-aula-der-gesamtschule","status":"publish","type":"post","link":"https:\/\/www.blasorchester-kreuztal.de\/?p=4775","title":{"rendered":"Herbstkonzert am 17. November | 17 Uhr | Aula Gesamtschule Kreuztal"},"content":{"rendered":"\n<p>Erleben Sie eine fesselnde musikalische Reise durch die Kontraste von Licht und Schatten! Tauchen Sie ein in die Vielfalt der Emotionen, wenn das Blasorchester Kreuztal &#8211; erstmals unter der Leitung von <em><a href=\"https:\/\/www.blasorchester-kreuztal.de\/?page_id=13\">Tobias van de Locht<\/a><\/em> &#8211; die Dualit\u00e4t von Licht und Schatten pr\u00e4sentiert und Sie dabei in die Dynamik des Lebens entf\u00fchrt.<\/p>\n\n\n\n<p>Beim Konzert steht auch das Instrument des Jahres im Mittelpunkt: Als besonderes Highlight erwartet Sie ein Tubakonzert mit dem renommierten Solisten <em><a href=\"https:\/\/www.danielridder.de\/\">Daniel Ridder<\/a><\/em>.<\/p>\n\n\n\n<div class=\"wp-block-columns is-layout-flex wp-container-core-columns-is-layout-9d6595d7 wp-block-columns-is-layout-flex\">\n<div class=\"wp-block-column is-layout-flow wp-block-column-is-layout-flow\" style=\"flex-basis:25%\"><div class=\"wp-block-image\">\n<figure class=\"aligncenter size-full\"><a href=\"https:\/\/www.blasorchester-kreuztal.de\/wp-content\/uploads\/2024\/08\/tvdl_portrait.jpg\"><img loading=\"lazy\" decoding=\"async\" width=\"345\" height=\"494\" src=\"https:\/\/www.blasorchester-kreuztal.de\/wp-content\/uploads\/2024\/08\/tvdl_portrait.jpg\" alt=\"\" class=\"wp-image-4770\" style=\"aspect-ratio:3\/4;object-fit:cover\"\/><\/a><figcaption class=\"wp-element-caption\">Tobias van de Locht<\/figcaption><\/figure>\n<\/div><\/div>\n\n\n\n<div class=\"wp-block-column is-layout-flow wp-block-column-is-layout-flow\" style=\"flex-basis:50%\"><div class=\"wp-block-image\">\n<figure class=\"aligncenter size-large\"><a href=\"https:\/\/www.blasorchester-kreuztal.de\/wp-content\/uploads\/2024\/10\/Plakat-HK-2024-scaled.jpg\"><img loading=\"lazy\" decoding=\"async\" width=\"724\" height=\"1024\" src=\"https:\/\/www.blasorchester-kreuztal.de\/wp-content\/uploads\/2024\/10\/Plakat-HK-2024-724x1024.jpg\" alt=\"\" class=\"wp-image-4776\" srcset=\"https:\/\/www.blasorchester-kreuztal.de\/wp-content\/uploads\/2024\/10\/Plakat-HK-2024-724x1024.jpg 724w, https:\/\/www.blasorchester-kreuztal.de\/wp-content\/uploads\/2024\/10\/Plakat-HK-2024-354x500.jpg 354w, https:\/\/www.blasorchester-kreuztal.de\/wp-content\/uploads\/2024\/10\/Plakat-HK-2024-768x1086.jpg 768w, https:\/\/www.blasorchester-kreuztal.de\/wp-content\/uploads\/2024\/10\/Plakat-HK-2024-1086x1536.jpg 1086w, https:\/\/www.blasorchester-kreuztal.de\/wp-content\/uploads\/2024\/10\/Plakat-HK-2024-1449x2048.jpg 1449w, https:\/\/www.blasorchester-kreuztal.de\/wp-content\/uploads\/2024\/10\/Plakat-HK-2024-scaled.jpg 1811w\" sizes=\"auto, (max-width: 724px) 100vw, 724px\" \/><\/a><\/figure>\n<\/div><\/div>\n\n\n\n<div class=\"wp-block-column is-layout-flow wp-block-column-is-layout-flow\" style=\"flex-basis:25%\"><div class=\"wp-block-image\">\n<figure class=\"aligncenter size-large\"><a href=\"https:\/\/www.blasorchester-kreuztal.de\/wp-content\/uploads\/2024\/10\/Daniel-Ridder-webaufloesung-2370.jpg\"><img loading=\"lazy\" decoding=\"async\" width=\"684\" height=\"1024\" src=\"https:\/\/www.blasorchester-kreuztal.de\/wp-content\/uploads\/2024\/10\/Daniel-Ridder-webaufloesung-2370-684x1024.jpg\" alt=\"\" class=\"wp-image-4784\" style=\"aspect-ratio:3\/4;object-fit:cover\" srcset=\"https:\/\/www.blasorchester-kreuztal.de\/wp-content\/uploads\/2024\/10\/Daniel-Ridder-webaufloesung-2370-684x1024.jpg 684w, https:\/\/www.blasorchester-kreuztal.de\/wp-content\/uploads\/2024\/10\/Daniel-Ridder-webaufloesung-2370-334x500.jpg 334w, https:\/\/www.blasorchester-kreuztal.de\/wp-content\/uploads\/2024\/10\/Daniel-Ridder-webaufloesung-2370-768x1151.jpg 768w, https:\/\/www.blasorchester-kreuztal.de\/wp-content\/uploads\/2024\/10\/Daniel-Ridder-webaufloesung-2370-1025x1536.jpg 1025w, https:\/\/www.blasorchester-kreuztal.de\/wp-content\/uploads\/2024\/10\/Daniel-Ridder-webaufloesung-2370.jpg 1367w\" sizes=\"auto, (max-width: 684px) 100vw, 684px\" \/><\/a><figcaption class=\"wp-element-caption\">Daniel Ridder<\/figcaption><\/figure>\n<\/div><\/div>\n<\/div>\n\n\n\n<h4 class=\"wp-block-heading has-text-align-center\"><em>Licht &amp; Schatten<\/em><\/h4>\n\n\n\n<p>Neben dem Tubakonzert hat das gro\u00dfe Orchester Werke von John Williams und Gustav Holst sowie Arrangements und Andr\u00e9 Becker und Tobias van de Locht im Programm. Ein weiteres Highlight wird die Urauff\u00fchrung des St\u00fccks &#8222;Licht und Schatten&#8220;, komponiert von Raphael Bertges. Das Jugendorchester unter der Leitung von Franziska Neumann ist wie immer mit von der Partie.<\/p>\n\n\n\n<p>Nach einem exzellenten Fr\u00fchjahrskonzert und einem sinfonischen Serenadenkonzert unter der Leitung von Benjamin Schneider haben wir im beiderseitigen Einvernehmen die Zusammenarbeit beendet. Ende August hat nun Tobias van de Locht die musikalische Leitung \u00fcbernommen. Wir freuen uns auf ein spannendes zweites Halbjahr mit einem neuen Dirigenten und einem neuen Konzertort!<\/p>\n\n\n\n<h2 class=\"wp-block-heading has-text-align-center\"><strong>Herbstkonzert am Sonntag, 17.11.2024<\/strong><\/h2>\n\n\n\n<p class=\"has-text-align-center\">in der&nbsp;<strong>Aula der Gesamtschule Kreuztal<\/strong>. Beginn: 17 Uhr | Einlass: 16 Uhr.<\/p>\n\n\n\n<h4 class=\"wp-block-heading\">Tickets<\/h4>\n\n\n\n<div class=\"wp-block-buttons is-content-justification-center is-layout-flex wp-container-core-buttons-is-layout-16018d1d wp-block-buttons-is-layout-flex\">\n<div class=\"wp-block-button\"><a class=\"wp-block-button__link has-vivid-red-background-color has-background wp-element-button\" href=\"https:\/\/www.kreuztal-kultur.de\/tickets\/online-bestellung\/1113\/\">Kreuztal Kultur<\/a><\/div>\n<\/div>\n\n\n\n<p><strong>Preis:&nbsp;<\/strong>VVK &amp; AK:&nbsp;14 \u20ac inkl. aller Geb\u00fchren.<br>Sch\u00fclerinnen und Sch\u00fcler \/ Studierende \/ Auszubildende:&nbsp;7 \u20ac<br>F\u00fcr Kinder bis einschlie\u00dflich 11 Jahren ist der Eintritt frei.<br>Es gilt freie Platzwahl.&nbsp;<a href=\"https:\/\/www.kreuztal-kultur.de\/tickets\/vorverkaufsstellen\/\">Liste der Vorverkaufsstellen<\/a><\/p>\n","protected":false},"excerpt":{"rendered":"<p>Erleben Sie eine fesselnde musikalische Reise durch die Kontraste von Licht und Schatten! Tauchen Sie ein in die Vielfalt der Emotionen, wenn das Blasorchester Kreuztal &#8211; erstmals unter der Leitung von Tobias van de Locht &#8211; die Dualit\u00e4t von Licht und Schatten pr\u00e4sentiert und Sie dabei in die Dynamik des Lebens entf\u00fchrt. Beim Konzert steht [&hellip;]<\/p>\n","protected":false},"author":5,"featured_media":0,"comment_status":"closed","ping_status":"closed","sticky":false,"template":"","format":"standard","meta":{"ngg_post_thumbnail":0,"h5ap_radio_sources":[],"footnotes":""},"categories":[1,4],"tags":[9],"class_list":["post-4775","post","type-post","status-publish","format-standard","hentry","category-allgemein","category-auftritt","tag-konzert"],"_links":{"self":[{"href":"https:\/\/www.blasorchester-kreuztal.de\/index.php?rest_route=\/wp\/v2\/posts\/4775","targetHints":{"allow":["GET"]}}],"collection":[{"href":"https:\/\/www.blasorchester-kreuztal.de\/index.php?rest_route=\/wp\/v2\/posts"}],"about":[{"href":"https:\/\/www.blasorchester-kreuztal.de\/index.php?rest_route=\/wp\/v2\/types\/post"}],"author":[{"embeddable":true,"href":"https:\/\/www.blasorchester-kreuztal.de\/index.php?rest_route=\/wp\/v2\/users\/5"}],"replies":[{"embeddable":true,"href":"https:\/\/www.blasorchester-kreuztal.de\/index.php?rest_route=%2Fwp%2Fv2%2Fcomments&post=4775"}],"version-history":[{"count":11,"href":"https:\/\/www.blasorchester-kreuztal.de\/index.php?rest_route=\/wp\/v2\/posts\/4775\/revisions"}],"predecessor-version":[{"id":5126,"href":"https:\/\/www.blasorchester-kreuztal.de\/index.php?rest_route=\/wp\/v2\/posts\/4775\/revisions\/5126"}],"wp:attachment":[{"href":"https:\/\/www.blasorchester-kreuztal.de\/index.php?rest_route=%2Fwp%2Fv2%2Fmedia&parent=4775"}],"wp:term":[{"taxonomy":"category","embeddable":true,"href":"https:\/\/www.blasorchester-kreuztal.de\/index.php?rest_route=%2Fwp%2Fv2%2Fcategories&post=4775"},{"taxonomy":"post_tag","embeddable":true,"href":"https:\/\/www.blasorchester-kreuztal.de\/index.php?rest_route=%2Fwp%2Fv2%2Ftags&post=4775"}],"curies":[{"name":"wp","href":"https:\/\/api.w.org\/{rel}","templated":true}]}}