{"id":5031,"date":"2025-09-06T11:09:02","date_gmt":"2025-09-06T09:09:02","guid":{"rendered":"https:\/\/www.blasorchester-kreuztal.de\/?p=5031"},"modified":"2026-01-05T13:52:31","modified_gmt":"2026-01-05T12:52:31","slug":"der-kilometerfresser-stummfilmkonzert-am-23-november","status":"publish","type":"post","link":"https:\/\/www.blasorchester-kreuztal.de\/?p=5031","title":{"rendered":"&#8222;Der Kilometerfresser&#8220; &#8211; Stummfilmkonzert am 23. November"},"content":{"rendered":"\n<p>Anstatt <em>In 80 Tagen um die Welt<\/em> hei\u00dft es bald in 15 Tagen durch Europa: Diese irrwitzige Abenteuerreise wird am 23. November 2025 um 16 Uhr im Viktoria-Kino in Dahlbruch vom Blasorchester Kreuztal unter der Leitung von Andr\u00e9 Becker live vertont.<\/p>\n\n\n<div class=\"wp-block-image\">\n<figure class=\"aligncenter size-large is-resized\"><a href=\"https:\/\/www.blasorchester-kreuztal.de\/wp-content\/uploads\/2025\/08\/Plakat_Kilometerfresser_v2.png\"><img loading=\"lazy\" decoding=\"async\" width=\"728\" height=\"1024\" src=\"https:\/\/www.blasorchester-kreuztal.de\/wp-content\/uploads\/2025\/08\/Plakat_Kilometerfresser_v2-728x1024.png\" alt=\"\" class=\"wp-image-5079\" style=\"width:480px\" srcset=\"https:\/\/www.blasorchester-kreuztal.de\/wp-content\/uploads\/2025\/08\/Plakat_Kilometerfresser_v2-728x1024.png 728w, https:\/\/www.blasorchester-kreuztal.de\/wp-content\/uploads\/2025\/08\/Plakat_Kilometerfresser_v2-356x500.png 356w, https:\/\/www.blasorchester-kreuztal.de\/wp-content\/uploads\/2025\/08\/Plakat_Kilometerfresser_v2-768x1080.png 768w, https:\/\/www.blasorchester-kreuztal.de\/wp-content\/uploads\/2025\/08\/Plakat_Kilometerfresser_v2-1092x1536.png 1092w, https:\/\/www.blasorchester-kreuztal.de\/wp-content\/uploads\/2025\/08\/Plakat_Kilometerfresser_v2.png 1422w\" sizes=\"auto, (max-width: 728px) 100vw, 728px\" \/><\/a><\/figure>\n<\/div>\n\n\n<p>Gezeigt wird der 1925 entstandene Stummfilm <em>Der Kilometerfresser<\/em> von Karl Imelski. Der Film erz\u00e4hlt vom Sportsmann Ernest, der eine Wette eingeht: In nur 15 Tagen will er 6000 Kilometer zur\u00fccklegen \u2013 per Motorrad durch den Balkan, den Gro\u00dfvenediger erklimmen und schlie\u00dflich \u00fcber die Donau nach Wien rudern. Ernests Freund, ein Journalist, begleitet ihn \u2013 als Aufpasser und Spa\u00dfvogel zugleich.<\/p>\n\n\n\n<p>Die Originalmusik zum Film ist verschollen. Die neue orchestrale Vertonung stammt von Florian C. Reithner und wurde 2007 im Auftrag der Orchester-Filmharmonie komponiert. In Dahlbruch erklingt sie nun live \u2013 6000 Kilometer Reiselust verteilt auf 2200 Meter Film treffen auf volle Klangkraft und cineastischen Charme.<\/p>\n\n\n\n<div class=\"wp-block-columns is-layout-flex wp-container-core-columns-is-layout-9d6595d7 wp-block-columns-is-layout-flex\">\n<div class=\"wp-block-column is-layout-flow wp-block-column-is-layout-flow\">\n<p><strong>Tickets ab sofort an der Kinokasse erh\u00e4ltlich.<\/strong><\/p>\n\n\n\n<p><a href=\"https:\/\/viktoria-kino.de\/\">www.viktoria-kino.de<\/a><\/p>\n<\/div>\n\n\n\n<div class=\"wp-block-column is-layout-flow wp-block-column-is-layout-flow\">\n<p>Der Eintritt im Parkett (freie Platzwahl) <br>betr\u00e4gt 19 \u20ac normal und 14 \u20ac erm\u00e4\u00dfigt.<br>Der Balkon ist an diesem Nachmittag <br>gesperrt (dort sitzt das Blasorchester).<\/p>\n<\/div>\n<\/div>\n\n\n\n<div style=\"height:20px\" aria-hidden=\"true\" class=\"wp-block-spacer\"><\/div>\n","protected":false},"excerpt":{"rendered":"<p>Anstatt In 80 Tagen um die Welt hei\u00dft es bald in 15 Tagen durch Europa: Diese irrwitzige Abenteuerreise wird am 23. November 2025 um 16 Uhr im Viktoria-Kino in Dahlbruch vom Blasorchester Kreuztal unter der Leitung von Andr\u00e9 Becker live vertont. Gezeigt wird der 1925 entstandene Stummfilm Der Kilometerfresser von Karl Imelski. Der Film erz\u00e4hlt [&hellip;]<\/p>\n","protected":false},"author":5,"featured_media":0,"comment_status":"closed","ping_status":"closed","sticky":false,"template":"","format":"standard","meta":{"ngg_post_thumbnail":0,"h5ap_radio_sources":[],"footnotes":""},"categories":[4],"tags":[9],"class_list":["post-5031","post","type-post","status-publish","format-standard","hentry","category-auftritt","tag-konzert"],"_links":{"self":[{"href":"https:\/\/www.blasorchester-kreuztal.de\/index.php?rest_route=\/wp\/v2\/posts\/5031","targetHints":{"allow":["GET"]}}],"collection":[{"href":"https:\/\/www.blasorchester-kreuztal.de\/index.php?rest_route=\/wp\/v2\/posts"}],"about":[{"href":"https:\/\/www.blasorchester-kreuztal.de\/index.php?rest_route=\/wp\/v2\/types\/post"}],"author":[{"embeddable":true,"href":"https:\/\/www.blasorchester-kreuztal.de\/index.php?rest_route=\/wp\/v2\/users\/5"}],"replies":[{"embeddable":true,"href":"https:\/\/www.blasorchester-kreuztal.de\/index.php?rest_route=%2Fwp%2Fv2%2Fcomments&post=5031"}],"version-history":[{"count":17,"href":"https:\/\/www.blasorchester-kreuztal.de\/index.php?rest_route=\/wp\/v2\/posts\/5031\/revisions"}],"predecessor-version":[{"id":5125,"href":"https:\/\/www.blasorchester-kreuztal.de\/index.php?rest_route=\/wp\/v2\/posts\/5031\/revisions\/5125"}],"wp:attachment":[{"href":"https:\/\/www.blasorchester-kreuztal.de\/index.php?rest_route=%2Fwp%2Fv2%2Fmedia&parent=5031"}],"wp:term":[{"taxonomy":"category","embeddable":true,"href":"https:\/\/www.blasorchester-kreuztal.de\/index.php?rest_route=%2Fwp%2Fv2%2Fcategories&post=5031"},{"taxonomy":"post_tag","embeddable":true,"href":"https:\/\/www.blasorchester-kreuztal.de\/index.php?rest_route=%2Fwp%2Fv2%2Ftags&post=5031"}],"curies":[{"name":"wp","href":"https:\/\/api.w.org\/{rel}","templated":true}]}}